{"id":8405,"date":"2024-12-19T17:43:31","date_gmt":"2024-12-19T17:43:31","guid":{"rendered":"https:\/\/ossayasociados.com.co\/web\/?p=8405"},"modified":"2025-02-12T21:42:26","modified_gmt":"2025-02-12T21:42:26","slug":"festival-de-la-guarcherna","status":"publish","type":"post","link":"https:\/\/ossayasociados.com.co\/web\/festival-de-la-guarcherna\/","title":{"rendered":"Festival de la Guarcherna"},"content":{"rendered":"\t\t<div data-elementor-type=\"wp-post\" data-elementor-id=\"8405\" class=\"elementor elementor-8405\" data-elementor-post-type=\"post\">\n\t\t\t\t<div class=\"elementor-element elementor-element-315b8a7 e-flex e-con-boxed e-con e-parent\" data-id=\"315b8a7\" data-element_type=\"container\" data-e-type=\"container\">\n\t\t\t\t\t<div class=\"e-con-inner\">\n\t\t\t\t<div class=\"elementor-element elementor-element-fba30d6 elementor-widget elementor-widget-spacer\" data-id=\"fba30d6\" data-element_type=\"widget\" data-e-type=\"widget\" data-widget_type=\"spacer.default\">\n\t\t\t\t<div class=\"elementor-widget-container\">\n\t\t\t\t\t\t\t<div class=\"elementor-spacer\">\n\t\t\t<div class=\"elementor-spacer-inner\"><\/div>\n\t\t<\/div>\n\t\t\t\t\t\t<\/div>\n\t\t\t\t<\/div>\n\t\t\t\t\t<\/div>\n\t\t\t\t<\/div>\n\t\t<div class=\"elementor-element elementor-element-43ef7d9 e-flex e-con-boxed e-con e-parent\" data-id=\"43ef7d9\" data-element_type=\"container\" data-e-type=\"container\">\n\t\t\t\t\t<div class=\"e-con-inner\">\n\t\t<div class=\"elementor-element elementor-element-c8afa20 e-con-full e-flex e-con e-child\" data-id=\"c8afa20\" data-element_type=\"container\" data-e-type=\"container\">\n\t\t<div class=\"elementor-element elementor-element-11f07f6 e-con-full e-flex e-con e-child\" data-id=\"11f07f6\" data-element_type=\"container\" data-e-type=\"container\">\n\t\t<div class=\"elementor-element elementor-element-60b3217 e-flex e-con-boxed e-con e-child\" data-id=\"60b3217\" data-element_type=\"container\" data-e-type=\"container\">\n\t\t\t\t\t<div class=\"e-con-inner\">\n\t\t<div class=\"elementor-element elementor-element-f141d50 e-con-full e-flex e-con e-child\" data-id=\"f141d50\" data-element_type=\"container\" data-e-type=\"container\">\n\t\t\t\t<div class=\"elementor-element elementor-element-cf5a08b elementor-widget__width-initial elementor-widget elementor-widget-heading\" data-id=\"cf5a08b\" data-element_type=\"widget\" data-e-type=\"widget\" data-widget_type=\"heading.default\">\n\t\t\t\t<div class=\"elementor-widget-container\">\n\t\t\t\t\t<h2 class=\"elementor-heading-title elementor-size-default\">\u00a1Vive la magia del festival de la Guacherna!<\/h2>\t\t\t\t<\/div>\n\t\t\t\t<\/div>\n\t\t\t\t<div class=\"elementor-element elementor-element-4b8de4e elementor-widget__width-initial elementor-widget elementor-widget-text-editor\" data-id=\"4b8de4e\" data-element_type=\"widget\" data-e-type=\"widget\" data-widget_type=\"text-editor.default\">\n\t\t\t\t<div class=\"elementor-widget-container\">\n\t\t\t\t\t\t\t\t\t<p>Imag\u00ednate disfrutando de 3 d\u00edas llenos de cultura, m\u00fasica y tradici\u00f3n en la fiesta m\u00e1s grande de Colombia. H\u00f3spedate en los mejores hoteles, siente la emoci\u00f3n desde un palco exclusivo en la Guacherna y d\u00e9jate contagiar por la magia del festival.<\/p><p><em><strong>\u00a1Cont\u00e1ctanos y asegura tu cupo!<\/strong><\/em><\/p><p>\u00a0<\/p><p>\u00a0<\/p>\t\t\t\t\t\t\t\t<\/div>\n\t\t\t\t<\/div>\n\t\t\t\t<div class=\"elementor-element elementor-element-050ecb0 elementor-icon-list--layout-inline elementor-list-item-link-full_width elementor-widget elementor-widget-icon-list\" data-id=\"050ecb0\" data-element_type=\"widget\" data-e-type=\"widget\" data-widget_type=\"icon-list.default\">\n\t\t\t\t<div class=\"elementor-widget-container\">\n\t\t\t\t\t\t\t<ul class=\"elementor-icon-list-items elementor-inline-items\">\n\t\t\t\t\t\t\t<li class=\"elementor-icon-list-item elementor-inline-item\">\n\t\t\t\t\t\t\t\t\t\t\t<a href=\"https:\/\/maps.app.goo.gl\/35S7P7xmjSUVLDYC7\">\n\n\t\t\t\t\t\t\t\t\t\t\t\t<span class=\"elementor-icon-list-icon\">\n\t\t\t\t\t\t\t<svg aria-hidden=\"true\" class=\"e-font-icon-svg e-fas-map-marker-alt\" viewBox=\"0 0 384 512\" xmlns=\"http:\/\/www.w3.org\/2000\/svg\"><path d=\"M172.268 501.67C26.97 291.031 0 269.413 0 192 0 85.961 85.961 0 192 0s192 85.961 192 192c0 77.413-26.97 99.031-172.268 309.67-9.535 13.774-29.93 13.773-39.464 0zM192 272c44.183 0 80-35.817 80-80s-35.817-80-80-80-80 35.817-80 80 35.817 80 80 80z\"><\/path><\/svg>\t\t\t\t\t\t<\/span>\n\t\t\t\t\t\t\t\t\t\t<span class=\"elementor-icon-list-text\">Barranquilla<\/span>\n\t\t\t\t\t\t\t\t\t\t\t<\/a>\n\t\t\t\t\t\t\t\t\t<\/li>\n\t\t\t\t\t\t\t\t<li class=\"elementor-icon-list-item elementor-inline-item\">\n\t\t\t\t\t\t\t\t\t\t\t<a href=\"https:\/\/calendar.google.com\/calendar\/u\/0\/r\/day\/2025\/2\/21?pli=1\">\n\n\t\t\t\t\t\t\t\t\t\t\t\t<span class=\"elementor-icon-list-icon\">\n\t\t\t\t\t\t\t<svg aria-hidden=\"true\" class=\"e-font-icon-svg e-far-calendar-alt\" viewBox=\"0 0 448 512\" xmlns=\"http:\/\/www.w3.org\/2000\/svg\"><path d=\"M148 288h-40c-6.6 0-12-5.4-12-12v-40c0-6.6 5.4-12 12-12h40c6.6 0 12 5.4 12 12v40c0 6.6-5.4 12-12 12zm108-12v-40c0-6.6-5.4-12-12-12h-40c-6.6 0-12 5.4-12 12v40c0 6.6 5.4 12 12 12h40c6.6 0 12-5.4 12-12zm96 0v-40c0-6.6-5.4-12-12-12h-40c-6.6 0-12 5.4-12 12v40c0 6.6 5.4 12 12 12h40c6.6 0 12-5.4 12-12zm-96 96v-40c0-6.6-5.4-12-12-12h-40c-6.6 0-12 5.4-12 12v40c0 6.6 5.4 12 12 12h40c6.6 0 12-5.4 12-12zm-96 0v-40c0-6.6-5.4-12-12-12h-40c-6.6 0-12 5.4-12 12v40c0 6.6 5.4 12 12 12h40c6.6 0 12-5.4 12-12zm192 0v-40c0-6.6-5.4-12-12-12h-40c-6.6 0-12 5.4-12 12v40c0 6.6 5.4 12 12 12h40c6.6 0 12-5.4 12-12zm96-260v352c0 26.5-21.5 48-48 48H48c-26.5 0-48-21.5-48-48V112c0-26.5 21.5-48 48-48h48V12c0-6.6 5.4-12 12-12h40c6.6 0 12 5.4 12 12v52h128V12c0-6.6 5.4-12 12-12h40c6.6 0 12 5.4 12 12v52h48c26.5 0 48 21.5 48 48zm-48 346V160H48v298c0 3.3 2.7 6 6 6h340c3.3 0 6-2.7 6-6z\"><\/path><\/svg>\t\t\t\t\t\t<\/span>\n\t\t\t\t\t\t\t\t\t\t<span class=\"elementor-icon-list-text\">D\u00eda<\/span>\n\t\t\t\t\t\t\t\t\t\t\t<\/a>\n\t\t\t\t\t\t\t\t\t<\/li>\n\t\t\t\t\t\t<\/ul>\n\t\t\t\t\t\t<\/div>\n\t\t\t\t<\/div>\n\t\t<div class=\"elementor-element elementor-element-03e2b89 e-con-full e-flex e-con e-child\" data-id=\"03e2b89\" data-element_type=\"container\" data-e-type=\"container\">\n\t\t\t\t<\/div>\n\t\t\t\t<\/div>\n\t\t\t\t\t<\/div>\n\t\t\t\t<\/div>\n\t\t\t\t<\/div>\n\t\t\t\t<div class=\"elementor-element elementor-element-e136283 elementor-widget__width-initial elementor-widget elementor-widget-image\" data-id=\"e136283\" data-element_type=\"widget\" data-e-type=\"widget\" data-widget_type=\"image.default\">\n\t\t\t\t<div class=\"elementor-widget-container\">\n\t\t\t\t\t\t\t\t\t\t\t\t\t\t\t<img fetchpriority=\"high\" decoding=\"async\" width=\"400\" height=\"600\" src=\"https:\/\/ossayasociados.com.co\/web\/wp-content\/uploads\/2024\/12\/FESTIVAL-DE-LA-GUACHERNA.png\" class=\"attachment-full size-full wp-image-8425\" alt=\"\" srcset=\"https:\/\/ossayasociados.com.co\/web\/wp-content\/uploads\/2024\/12\/FESTIVAL-DE-LA-GUACHERNA.png 400w, https:\/\/ossayasociados.com.co\/web\/wp-content\/uploads\/2024\/12\/FESTIVAL-DE-LA-GUACHERNA-200x300.png 200w\" sizes=\"(max-width: 400px) 100vw, 400px\" \/>\t\t\t\t\t\t\t\t\t\t\t\t\t\t\t<\/div>\n\t\t\t\t<\/div>\n\t\t\t\t<\/div>\n\t\t\t\t\t<\/div>\n\t\t\t\t<\/div>\n\t\t<div class=\"elementor-element elementor-element-6b5d846 e-flex e-con-boxed e-con e-parent\" data-id=\"6b5d846\" data-element_type=\"container\" data-e-type=\"container\">\n\t\t\t\t\t<div class=\"e-con-inner\">\n\t\t<div class=\"elementor-element elementor-element-2d46965 e-con-full e-flex e-con e-child\" data-id=\"2d46965\" data-element_type=\"container\" data-e-type=\"container\">\n\t\t\t\t<div class=\"elementor-element elementor-element-46c9718 elementor-button-success elementor-align-center elementor-widget elementor-widget-button\" data-id=\"46c9718\" data-element_type=\"widget\" data-e-type=\"widget\" data-widget_type=\"button.default\">\n\t\t\t\t<div class=\"elementor-widget-container\">\n\t\t\t\t\t\t\t\t\t<div class=\"elementor-button-wrapper\">\n\t\t\t\t\t<a class=\"elementor-button elementor-button-link elementor-size-sm\" href=\"https:\/\/api.whatsapp.com\/send\/?phone=573159433574&#038;text=Hola+buen+d%C3%ADa%2C+solicito+informaci%C3%B3n+sobre+el+Festival+de+la+guacherna+&#038;type=phone_number&#038;app_absent=0%20\">\n\t\t\t\t\t\t<span class=\"elementor-button-content-wrapper\">\n\t\t\t\t\t\t<span class=\"elementor-button-icon\">\n\t\t\t\t<i aria-hidden=\"true\" class=\"icon icon-whatsapp-1\"><\/i>\t\t\t<\/span>\n\t\t\t\t\t\t\t\t\t<span class=\"elementor-button-text\">Contacta con el asesor<\/span>\n\t\t\t\t\t<\/span>\n\t\t\t\t\t<\/a>\n\t\t\t\t<\/div>\n\t\t\t\t\t\t\t\t<\/div>\n\t\t\t\t<\/div>\n\t\t\t\t<\/div>\n\t\t<div class=\"elementor-element elementor-element-f34bc20 e-con-full e-flex e-con e-child\" data-id=\"f34bc20\" data-element_type=\"container\" data-e-type=\"container\">\n\t\t\t\t<div class=\"elementor-element elementor-element-f0f3a4e elementor-align-center elementor-widget elementor-widget-button\" data-id=\"f0f3a4e\" data-element_type=\"widget\" data-e-type=\"widget\" data-widget_type=\"button.default\">\n\t\t\t\t<div class=\"elementor-widget-container\">\n\t\t\t\t\t\t\t\t\t<div class=\"elementor-button-wrapper\">\n\t\t\t\t\t<a class=\"elementor-button elementor-button-link elementor-size-sm\" href=\"https:\/\/api.whatsapp.com\/send\/?phone=573183706274&#038;text=Hola+buen+d%C3%ADa%2C+solicito+informaci%C3%B3n+sobre+el+Festival+de+la+guacherna+&#038;type=phone_number&#038;app_absent=0%20\">\n\t\t\t\t\t\t<span class=\"elementor-button-content-wrapper\">\n\t\t\t\t\t\t<span class=\"elementor-button-icon\">\n\t\t\t\t<i aria-hidden=\"true\" class=\"icon icon-customer-service\"><\/i>\t\t\t<\/span>\n\t\t\t\t\t\t\t\t\t<span class=\"elementor-button-text\">Servicio al Cliente<\/span>\n\t\t\t\t\t<\/span>\n\t\t\t\t\t<\/a>\n\t\t\t\t<\/div>\n\t\t\t\t\t\t\t\t<\/div>\n\t\t\t\t<\/div>\n\t\t\t\t<\/div>\n\t\t\t\t\t<\/div>\n\t\t\t\t<\/div>\n\t\t<div class=\"elementor-element elementor-element-ac68138 e-flex e-con-boxed e-con e-parent\" data-id=\"ac68138\" data-element_type=\"container\" data-e-type=\"container\">\n\t\t\t\t\t<div class=\"e-con-inner\">\n\t\t\t\t<div class=\"elementor-element elementor-element-71d0c98 elementor-widget elementor-widget-spacer\" data-id=\"71d0c98\" data-element_type=\"widget\" data-e-type=\"widget\" data-widget_type=\"spacer.default\">\n\t\t\t\t<div class=\"elementor-widget-container\">\n\t\t\t\t\t\t\t<div class=\"elementor-spacer\">\n\t\t\t<div class=\"elementor-spacer-inner\"><\/div>\n\t\t<\/div>\n\t\t\t\t\t\t<\/div>\n\t\t\t\t<\/div>\n\t\t\t\t\t<\/div>\n\t\t\t\t<\/div>\n\t\t\t\t<section class=\"elementor-section elementor-top-section elementor-element elementor-element-f6492f6 elementor-section-boxed elementor-section-height-default elementor-section-height-default\" data-id=\"f6492f6\" data-element_type=\"section\" data-e-type=\"section\">\n\t\t\t\t\t\t<div class=\"elementor-container elementor-column-gap-default\">\n\t\t\t\t\t<div class=\"elementor-column elementor-col-100 elementor-top-column elementor-element elementor-element-5278991\" data-id=\"5278991\" data-element_type=\"column\" data-e-type=\"column\">\n\t\t\t<div class=\"elementor-widget-wrap elementor-element-populated\">\n\t\t\t\t\t\t<div class=\"elementor-element elementor-element-2b97fb1 elementor-widget elementor-widget-elementskit-heading\" data-id=\"2b97fb1\" data-element_type=\"widget\" data-e-type=\"widget\" data-widget_type=\"elementskit-heading.default\">\n\t\t\t\t<div class=\"elementor-widget-container\">\n\t\t\t\t\t<div class=\"ekit-wid-con\" ><div class=\"ekit-heading elementskit-section-title-wraper center   ekit_heading_tablet-   ekit_heading_mobile-\"><h2 class=\"ekit-heading--title elementskit-section-title \">Que  incluye el paquete <\/h2><div class=\"ekit_heading_separetor_wraper ekit_heading_elementskit-border-divider ekit-dotted\"><div class=\"elementskit-border-divider ekit-dotted\"><\/div><\/div><\/div><\/div>\t\t\t\t<\/div>\n\t\t\t\t<\/div>\n\t\t\t\t<section class=\"elementor-section elementor-inner-section elementor-element elementor-element-d2a50f5 elementor-section-boxed elementor-section-height-default elementor-section-height-default\" data-id=\"d2a50f5\" data-element_type=\"section\" data-e-type=\"section\">\n\t\t\t\t\t\t<div class=\"elementor-container elementor-column-gap-default\">\n\t\t\t\t\t<div class=\"elementor-column elementor-col-50 elementor-inner-column elementor-element elementor-element-9b7f9ec\" data-id=\"9b7f9ec\" data-element_type=\"column\" data-e-type=\"column\">\n\t\t\t<div class=\"elementor-widget-wrap elementor-element-populated\">\n\t\t\t\t\t\t<div class=\"elementor-element elementor-element-fb47d76 ekit-equal-height-disable elementor-widget elementor-widget-elementskit-icon-box\" data-id=\"fb47d76\" data-element_type=\"widget\" data-e-type=\"widget\" data-widget_type=\"elementskit-icon-box.default\">\n\t\t\t\t<div class=\"elementor-widget-container\">\n\t\t\t\t\t<div class=\"ekit-wid-con\" >        <!-- link opening -->\n                <a href=\"#\" class=\"ekit_global_links\">\n                <!-- end link opening -->\n\n        <div class=\"elementskit-infobox text- text-left icon-lef-right-aligin elementor-animation- media  \">\n                    <div class=\"elementskit-box-header elementor-animation-\">\n                <div class=\"elementskit-info-box-icon  text-center\">\n                    <svg aria-hidden=\"true\" class=\"elementkit-infobox-icon e-font-icon-svg e-fas-ticket-alt\" viewBox=\"0 0 576 512\" xmlns=\"http:\/\/www.w3.org\/2000\/svg\"><path d=\"M128 160h320v192H128V160zm400 96c0 26.51 21.49 48 48 48v96c0 26.51-21.49 48-48 48H48c-26.51 0-48-21.49-48-48v-96c26.51 0 48-21.49 48-48s-21.49-48-48-48v-96c0-26.51 21.49-48 48-48h480c26.51 0 48 21.49 48 48v96c-26.51 0-48 21.49-48 48zm-48-104c0-13.255-10.745-24-24-24H120c-13.255 0-24 10.745-24 24v208c0 13.255 10.745 24 24 24h336c13.255 0 24-10.745 24-24V152z\"><\/path><\/svg>\n                <\/div>\n          <\/div>\n                        <div class=\"box-body\">\n                            <h3 class=\"elementskit-info-box-title\">\n                    Boleta preferencial                <\/h3>\n                        \t\t  \t<p>Boleta para palco de la Guacherna (21 de Febrero).<\/p>\n                                <\/div>\n        \n        \n                <\/div>\n                <\/a>\n        <\/div>\t\t\t\t<\/div>\n\t\t\t\t<\/div>\n\t\t\t\t\t<\/div>\n\t\t<\/div>\n\t\t\t\t<div class=\"elementor-column elementor-col-50 elementor-inner-column elementor-element elementor-element-b079d7a elementor-hidden-tablet\" data-id=\"b079d7a\" data-element_type=\"column\" data-e-type=\"column\">\n\t\t\t<div class=\"elementor-widget-wrap elementor-element-populated\">\n\t\t\t\t\t\t<div class=\"elementor-element elementor-element-53798e3 ekit-equal-height-disable elementor-widget elementor-widget-elementskit-icon-box\" data-id=\"53798e3\" data-element_type=\"widget\" data-e-type=\"widget\" data-widget_type=\"elementskit-icon-box.default\">\n\t\t\t\t<div class=\"elementor-widget-container\">\n\t\t\t\t\t<div class=\"ekit-wid-con\" >        <!-- link opening -->\n                <a href=\"#\" class=\"ekit_global_links\">\n                <!-- end link opening -->\n\n        <div class=\"elementskit-infobox text- text-left icon-lef-right-aligin elementor-animation- media  \">\n                    <div class=\"elementskit-box-header elementor-animation-\">\n                <div class=\"elementskit-info-box-icon  text-center\">\n                    <svg aria-hidden=\"true\" class=\"elementkit-infobox-icon e-font-icon-svg e-fas-hotel\" viewBox=\"0 0 576 512\" xmlns=\"http:\/\/www.w3.org\/2000\/svg\"><path d=\"M560 64c8.84 0 16-7.16 16-16V16c0-8.84-7.16-16-16-16H16C7.16 0 0 7.16 0 16v32c0 8.84 7.16 16 16 16h15.98v384H16c-8.84 0-16 7.16-16 16v32c0 8.84 7.16 16 16 16h240v-80c0-8.8 7.2-16 16-16h32c8.8 0 16 7.2 16 16v80h240c8.84 0 16-7.16 16-16v-32c0-8.84-7.16-16-16-16h-16V64h16zm-304 44.8c0-6.4 6.4-12.8 12.8-12.8h38.4c6.4 0 12.8 6.4 12.8 12.8v38.4c0 6.4-6.4 12.8-12.8 12.8h-38.4c-6.4 0-12.8-6.4-12.8-12.8v-38.4zm0 96c0-6.4 6.4-12.8 12.8-12.8h38.4c6.4 0 12.8 6.4 12.8 12.8v38.4c0 6.4-6.4 12.8-12.8 12.8h-38.4c-6.4 0-12.8-6.4-12.8-12.8v-38.4zm-128-96c0-6.4 6.4-12.8 12.8-12.8h38.4c6.4 0 12.8 6.4 12.8 12.8v38.4c0 6.4-6.4 12.8-12.8 12.8h-38.4c-6.4 0-12.8-6.4-12.8-12.8v-38.4zM179.2 256h-38.4c-6.4 0-12.8-6.4-12.8-12.8v-38.4c0-6.4 6.4-12.8 12.8-12.8h38.4c6.4 0 12.8 6.4 12.8 12.8v38.4c0 6.4-6.4 12.8-12.8 12.8zM192 384c0-53.02 42.98-96 96-96s96 42.98 96 96H192zm256-140.8c0 6.4-6.4 12.8-12.8 12.8h-38.4c-6.4 0-12.8-6.4-12.8-12.8v-38.4c0-6.4 6.4-12.8 12.8-12.8h38.4c6.4 0 12.8 6.4 12.8 12.8v38.4zm0-96c0 6.4-6.4 12.8-12.8 12.8h-38.4c-6.4 0-12.8-6.4-12.8-12.8v-38.4c0-6.4 6.4-12.8 12.8-12.8h38.4c6.4 0 12.8 6.4 12.8 12.8v38.4z\"><\/path><\/svg>\n                <\/div>\n          <\/div>\n                        <div class=\"box-body\">\n                            <h3 class=\"elementskit-info-box-title\">\n                    Hotel  \u2b50\u2b50\u2b50\u2b50                <\/h3>\n                        \t\t  \t<p>Hotel BHL, Windsord y Sheraton.<\/p>\n                                <\/div>\n        \n        \n                <\/div>\n                <\/a>\n        <\/div>\t\t\t\t<\/div>\n\t\t\t\t<\/div>\n\t\t\t\t\t<\/div>\n\t\t<\/div>\n\t\t\t\t\t<\/div>\n\t\t<\/section>\n\t\t\t\t<section class=\"elementor-section elementor-inner-section elementor-element elementor-element-285cdd9 elementor-section-boxed elementor-section-height-default elementor-section-height-default\" data-id=\"285cdd9\" data-element_type=\"section\" data-e-type=\"section\">\n\t\t\t\t\t\t<div class=\"elementor-container elementor-column-gap-default\">\n\t\t\t\t\t<div class=\"elementor-column elementor-col-50 elementor-inner-column elementor-element elementor-element-05f5e4f\" data-id=\"05f5e4f\" data-element_type=\"column\" data-e-type=\"column\">\n\t\t\t<div class=\"elementor-widget-wrap elementor-element-populated\">\n\t\t\t\t\t\t<div class=\"elementor-element elementor-element-cbe503c ekit-equal-height-disable elementor-widget elementor-widget-elementskit-icon-box\" data-id=\"cbe503c\" data-element_type=\"widget\" data-e-type=\"widget\" data-widget_type=\"elementskit-icon-box.default\">\n\t\t\t\t<div class=\"elementor-widget-container\">\n\t\t\t\t\t<div class=\"ekit-wid-con\" >        <!-- link opening -->\n                <a href=\"#\" class=\"ekit_global_links\">\n                <!-- end link opening -->\n\n        <div class=\"elementskit-infobox text- text-left icon-lef-right-aligin elementor-animation- media  \">\n                    <div class=\"elementskit-box-header elementor-animation-\">\n                <div class=\"elementskit-info-box-icon  text-center\">\n                    <svg aria-hidden=\"true\" class=\"elementkit-infobox-icon e-font-icon-svg e-fas-car\" viewBox=\"0 0 512 512\" xmlns=\"http:\/\/www.w3.org\/2000\/svg\"><path d=\"M499.99 176h-59.87l-16.64-41.6C406.38 91.63 365.57 64 319.5 64h-127c-46.06 0-86.88 27.63-103.99 70.4L71.87 176H12.01C4.2 176-1.53 183.34.37 190.91l6 24C7.7 220.25 12.5 224 18.01 224h20.07C24.65 235.73 16 252.78 16 272v48c0 16.12 6.16 30.67 16 41.93V416c0 17.67 14.33 32 32 32h32c17.67 0 32-14.33 32-32v-32h256v32c0 17.67 14.33 32 32 32h32c17.67 0 32-14.33 32-32v-54.07c9.84-11.25 16-25.8 16-41.93v-48c0-19.22-8.65-36.27-22.07-48H494c5.51 0 10.31-3.75 11.64-9.09l6-24c1.89-7.57-3.84-14.91-11.65-14.91zm-352.06-17.83c7.29-18.22 24.94-30.17 44.57-30.17h127c19.63 0 37.28 11.95 44.57 30.17L384 208H128l19.93-49.83zM96 319.8c-19.2 0-32-12.76-32-31.9S76.8 256 96 256s48 28.71 48 47.85-28.8 15.95-48 15.95zm320 0c-19.2 0-48 3.19-48-15.95S396.8 256 416 256s32 12.76 32 31.9-12.8 31.9-32 31.9z\"><\/path><\/svg>\n                <\/div>\n          <\/div>\n                        <div class=\"box-body\">\n                            <h3 class=\"elementskit-info-box-title\">\n                    Traslados                <\/h3>\n                        \t\t  \t<p>Los traslados incluyen los desplazamientos que se hagan en Barranquilla hac\u00eda el Festival (no retorno al hotel).<\/p>\n                                <\/div>\n        \n        \n                <\/div>\n                <\/a>\n        <\/div>\t\t\t\t<\/div>\n\t\t\t\t<\/div>\n\t\t\t\t\t<\/div>\n\t\t<\/div>\n\t\t\t\t<div class=\"elementor-column elementor-col-50 elementor-inner-column elementor-element elementor-element-dfb6c42 elementor-hidden-tablet\" data-id=\"dfb6c42\" data-element_type=\"column\" data-e-type=\"column\">\n\t\t\t<div class=\"elementor-widget-wrap elementor-element-populated\">\n\t\t\t\t\t\t<div class=\"elementor-element elementor-element-b828815 ekit-equal-height-disable elementor-widget elementor-widget-elementskit-icon-box\" data-id=\"b828815\" data-element_type=\"widget\" data-e-type=\"widget\" data-widget_type=\"elementskit-icon-box.default\">\n\t\t\t\t<div class=\"elementor-widget-container\">\n\t\t\t\t\t<div class=\"ekit-wid-con\" >        <!-- link opening -->\n                <a href=\"#\" class=\"ekit_global_links\">\n                <!-- end link opening -->\n\n        <div class=\"elementskit-infobox text- text-left icon-lef-right-aligin elementor-animation- media  \">\n                    <div class=\"elementskit-box-header elementor-animation-\">\n                <div class=\"elementskit-info-box-icon  text-center\">\n                    <svg aria-hidden=\"true\" class=\"elementkit-infobox-icon e-font-icon-svg e-fas-gift\" viewBox=\"0 0 512 512\" xmlns=\"http:\/\/www.w3.org\/2000\/svg\"><path d=\"M32 448c0 17.7 14.3 32 32 32h160V320H32v128zm256 32h160c17.7 0 32-14.3 32-32V320H288v160zm192-320h-42.1c6.2-12.1 10.1-25.5 10.1-40 0-48.5-39.5-88-88-88-41.6 0-68.5 21.3-103 68.3-34.5-47-61.4-68.3-103-68.3-48.5 0-88 39.5-88 88 0 14.5 3.8 27.9 10.1 40H32c-17.7 0-32 14.3-32 32v80c0 8.8 7.2 16 16 16h480c8.8 0 16-7.2 16-16v-80c0-17.7-14.3-32-32-32zm-326.1 0c-22.1 0-40-17.9-40-40s17.9-40 40-40c19.9 0 34.6 3.3 86.1 80h-86.1zm206.1 0h-86.1c51.4-76.5 65.7-80 86.1-80 22.1 0 40 17.9 40 40s-17.9 40-40 40z\"><\/path><\/svg>\n                <\/div>\n          <\/div>\n                        <div class=\"box-body\">\n                            <h3 class=\"elementskit-info-box-title\">\n                    Kit Carnavalero                <\/h3>\n                        \t\t  \t<p>Entregado el d\u00eda S\u00e1bado 22 de Febrero del 2025.<\/p>\n                                <\/div>\n        \n        \n                <\/div>\n                <\/a>\n        <\/div>\t\t\t\t<\/div>\n\t\t\t\t<\/div>\n\t\t\t\t\t<\/div>\n\t\t<\/div>\n\t\t\t\t\t<\/div>\n\t\t<\/section>\n\t\t\t\t\t<\/div>\n\t\t<\/div>\n\t\t\t\t\t<\/div>\n\t\t<\/section>\n\t\t<div class=\"elementor-element elementor-element-54130c6 e-flex e-con-boxed e-con e-parent\" data-id=\"54130c6\" data-element_type=\"container\" data-e-type=\"container\">\n\t\t\t\t\t<div class=\"e-con-inner\">\n\t\t\t\t<div class=\"elementor-element elementor-element-61e6346 elementor-widget elementor-widget-spacer\" data-id=\"61e6346\" data-element_type=\"widget\" data-e-type=\"widget\" data-widget_type=\"spacer.default\">\n\t\t\t\t<div class=\"elementor-widget-container\">\n\t\t\t\t\t\t\t<div class=\"elementor-spacer\">\n\t\t\t<div class=\"elementor-spacer-inner\"><\/div>\n\t\t<\/div>\n\t\t\t\t\t\t<\/div>\n\t\t\t\t<\/div>\n\t\t\t\t<div class=\"elementor-element elementor-element-a7158ca fluentform-widget-submit-button-custom elementor-widget elementor-widget-fluent-form-widget\" data-id=\"a7158ca\" data-element_type=\"widget\" data-e-type=\"widget\" data-widget_type=\"fluent-form-widget.default\">\n\t\t\t\t<div class=\"elementor-widget-container\">\n\t\t\t\t\t\n            <div class=\"fluentform-widget-wrapper fluentform-widget-align-default\">\n\n            \n            <div class='fluentform ff-inherit-theme-style fluentform_wrapper_6'><form data-form_id=\"6\" id=\"fluentform_6\" class=\"frm-fluent-form fluent_form_6 ff-el-form-top ff_form_instance_6_1 ff-form-loading ffs_inherit_theme\" data-form_instance=\"ff_form_instance_6_1\" method=\"POST\" ><fieldset  style=\"border: none!important;margin: 0!important;padding: 0!important;background-color: transparent!important;box-shadow: none!important;outline: none!important; min-inline-size: 100%;\">\n                    <legend class=\"ff_screen_reader_title\" style=\"display: block; margin: 0!important;padding: 0!important;height: 0!important;text-indent: -999999px;width: 0!important;overflow:hidden;\">Festival de la guacherna<\/legend><input type='hidden' name='__fluent_form_embded_post_id' value='8405' \/><input type=\"hidden\" id=\"_fluentform_6_fluentformnonce\" name=\"_fluentform_6_fluentformnonce\" value=\"d96bc3a253\" \/><input type=\"hidden\" name=\"_wp_http_referer\" value=\"\/web\/wp-json\/wp\/v2\/posts\/8405\" \/><div class='ff-el-group  ff-custom_html' tabindex='-1' data-name=\"custom_html-6_1\" ><h3 style=\"text-align: center\">Festival de la Guacherna<\/h3><\/div><div class='ff-el-group  ff-custom_html' tabindex='-1' data-name=\"custom_html-6_2\" ><h6 style=\"text-align: center\"><em><span style=\"color: #999999\">\u00a0\"Por favor, completa la siguiente informaci\u00f3n para que podamos contactarte.\"<\/span><\/em><\/h6><\/div><div data-type=\"name-element\" data-name=\"names\" class=\" ff-field_container ff-name-field-wrapper\" ><div class='ff-t-container'><div class='ff-t-cell '><div class='ff-el-group'><div class=\"ff-el-input--label ff-el-is-required asterisk-right\"><label for='ff_6_names_first_name_' id='label_ff_6_names_first_name_' >Nombre <\/label><\/div><div class='ff-el-input--content'><input type=\"text\" name=\"names[first_name]\" id=\"ff_6_names_first_name_\" class=\"ff-el-form-control\" placeholder=\"Nombre \" aria-invalid=\"false\" aria-required=true><\/div><\/div><\/div><div class='ff-t-cell '><div class='ff-el-group'><div class=\"ff-el-input--label ff-el-is-required asterisk-right\"><label for='ff_6_names_last_name_' id='label_ff_6_names_last_name_' >Apellidos<\/label><\/div><div class='ff-el-input--content'><input type=\"text\" name=\"names[last_name]\" id=\"ff_6_names_last_name_\" class=\"ff-el-form-control\" placeholder=\"Apellidos\" aria-invalid=\"false\" aria-required=true><\/div><\/div><\/div><\/div><\/div><div class='ff-el-group ff-el-form-top'><div class=\"ff-el-input--label ff-el-is-required asterisk-right\"><label for='ff_6_email' id='label_ff_6_email' aria-label=\"Correo Electr\u00f3nico\">Correo Electr\u00f3nico <\/label><\/div><div class='ff-el-input--content'><input type=\"email\" name=\"email\" id=\"ff_6_email\" class=\"ff-el-form-control\" placeholder=\"Correo Electr\u00f3nico \" data-name=\"email\"  aria-invalid=\"false\" aria-required=true><\/div><\/div><div class='ff-el-group'><div class=\"ff-el-input--label ff-el-is-required asterisk-right\"><label for='ff_6_numeric_field' id='label_ff_6_numeric_field' aria-label=\"Tel\u00e9fono de Contacto\">Tel\u00e9fono de Contacto <\/label><\/div><div class='ff-el-input--content'><input type=\"number\" name=\"numeric_field\" id=\"ff_6_numeric_field\" class=\"ff-el-form-control\" placeholder=\"Ingrese su N\u00famero Aqu\u00ed... \" data-name=\"numeric_field\" inputmode=\"numeric\" step=\"any\"  aria-invalid=\"false\" aria-required=true><\/div><\/div><div class='ff-el-group'><div class=\"ff-el-input--label ff-el-is-required asterisk-right\"><label for='ff_6_numeric_field_1' id='label_ff_6_numeric_field_1' aria-label=\"Cuantas personas viajan ?\">Cuantas personas viajan ?<\/label><\/div><div class='ff-el-input--content'><input type=\"number\" name=\"numeric_field_1\" id=\"ff_6_numeric_field_1\" class=\"ff-el-form-control\" data-name=\"numeric_field_1\" inputmode=\"numeric\" step=\"any\"  aria-invalid=\"false\" aria-required=true><\/div><\/div><div class='ff-el-group'><div class=\"ff-el-input--label asterisk-right\"><label for='ff_6_description' id='label_ff_6_description' aria-label=\"D\u00e9janos tu mensaje o consulta\">D\u00e9janos tu mensaje o consulta<\/label><div class=\"ff-el-tooltip\" data-content=\"Este espacio es opcional \"><svg width=\"16\" height=\"16\" viewBox=\"0 0 25 25\"><path d=\"m329 393l0-46c0-2-1-4-2-6-2-2-4-3-7-3l-27 0 0-146c0-3-1-5-3-7-2-1-4-2-7-2l-91 0c-3 0-5 1-7 2-1 2-2 4-2 7l0 46c0 2 1 5 2 6 2 2 4 3 7 3l27 0 0 91-27 0c-3 0-5 1-7 3-1 2-2 4-2 6l0 46c0 3 1 5 2 7 2 1 4 2 7 2l128 0c3 0 5-1 7-2 1-2 2-4 2-7z m-36-256l0-46c0-2-1-4-3-6-2-2-4-3-7-3l-54 0c-3 0-5 1-7 3-2 2-3 4-3 6l0 46c0 3 1 5 3 7 2 1 4 2 7 2l54 0c3 0 5-1 7-2 2-2 3-4 3-7z m182 119c0 40-9 77-29 110-20 34-46 60-80 80-33 20-70 29-110 29-40 0-77-9-110-29-34-20-60-46-80-80-20-33-29-70-29-110 0-40 9-77 29-110 20-34 46-60 80-80 33-20 70-29 110-29 40 0 77 9 110 29 34 20 60 46 80 80 20 33 29 70 29 110z\" transform=\"scale(0.046875 0.046875)\"><\/path><\/svg><\/div><\/div><div class='ff-el-input--content'><textarea aria-required=\"false\" aria-labelledby=\"label_ff_6_description\" name=\"description\" id=\"ff_6_description\" class=\"ff-el-form-control\" placeholder=\"Ej: &quot; Estoy interesado en obtener m\u00e1s informaci\u00f3n sobre sus servicios de asesor\u00eda&quot;.\" rows=\"4\" cols=\"2\" data-name=\"description\" ><\/textarea><\/div><\/div><div class='ff-el-group'><div class=\"ff-el-input--label ff-el-is-required asterisk-right\"><label   aria-label=\"Pol\u00edtica de Privacidad:\">Pol\u00edtica de Privacidad:<\/label><\/div><div class='ff-el-input--content'><div class='ff-el-form-check ff-el-form-check-'><label class='ff-el-form-check-label' for='input_radio_ba1f7d17260fae2e4a82922648d6ec72'><input  type=\"radio\" name=\"input_radio\" data-name=\"input_radio\" class=\"ff-el-form-check-input ff-el-form-check-radio\" value=\"South America\"  id='input_radio_ba1f7d17260fae2e4a82922648d6ec72' aria-label='He le\u00eddo y acepto la pol\u00edtica de privacidad.' aria-invalid='false' aria-required=true> <span>He le\u00eddo y acepto la pol\u00edtica de privacidad.<\/span><\/label><\/div><\/div><\/div><div class='ff-el-group'><div class=\"ff-el-input--label ff-el-is-required asterisk-right\"><label   aria-label=\"Consentimiento para Contactar\">Consentimiento para Contactar<\/label><\/div><div class='ff-el-input--content'><div class='ff-el-form-check ff-el-form-check-'><label class='ff-el-form-check-label' for='input_radio_1_56a202328e9b18fccd810f3904492f84'><input  type=\"radio\" name=\"input_radio_1\" data-name=\"input_radio_1\" class=\"ff-el-form-check-input ff-el-form-check-radio\" value=\"Acepto que Ossa y Asociados me contacte a trav\u00e9s de los medios proporcionados.\"  id='input_radio_1_56a202328e9b18fccd810f3904492f84' aria-label='Acepto que Ossa y Asociados me contacte a trav\u00e9s de los medios proporcionados.' aria-invalid='false' aria-required=true> <span>Acepto que Ossa y Asociados me contacte a trav\u00e9s de los medios proporcionados.<\/span><\/label><\/div><\/div><\/div><div class='ff-el-group ff-text-left ff_submit_btn_wrapper'><button type=\"submit\" class=\"ff-btn ff-btn-submit ff-btn-md ff_btn_no_style wpf_has_custom_css\"  aria-label=\"Solicitar Informaci\u00f3n\">Solicitar Informaci\u00f3n <\/button><\/div><\/fieldset><\/form><div id='fluentform_6_errors' class='ff-errors-in-stack ff_form_instance_6_1 ff-form-loading_errors ff_form_instance_6_1_errors'><\/div><\/div>            <script type=\"text\/javascript\">\n                window.fluent_form_ff_form_instance_6_1 = {\"id\":\"6\",\"ajaxUrl\":\"https:\\\/\\\/ossayasociados.com.co\\\/web\\\/wp-admin\\\/admin-ajax.php\",\"settings\":{\"layout\":{\"labelPlacement\":\"top\",\"helpMessagePlacement\":\"with_label\",\"errorMessagePlacement\":\"inline\",\"cssClassName\":\"\",\"asteriskPlacement\":\"asterisk-right\"},\"restrictions\":{\"denyEmptySubmission\":{\"enabled\":false}}},\"form_instance\":\"ff_form_instance_6_1\",\"form_id_selector\":\"fluentform_6\",\"rules\":{\"names[first_name]\":{\"required\":{\"value\":true,\"message\":\"Este campo es obligatorio\",\"global\":true,\"global_message\":\"Este campo es obligatorio\"}},\"names[middle_name]\":{\"required\":{\"value\":false,\"message\":\"Este campo es obligatorio\",\"global\":true,\"global_message\":\"Este campo es obligatorio\"}},\"names[last_name]\":{\"required\":{\"value\":true,\"message\":\"Este campo es obligatorio\",\"global\":true,\"global_message\":\"Este campo es obligatorio\"}},\"email\":{\"required\":{\"value\":true,\"message\":\"Este campo es obligatorio\",\"global\":true,\"global_message\":\"Este campo es obligatorio\"},\"email\":{\"value\":true,\"message\":\"Este campo debe contener un correo electr\\u00f3nico v\\u00e1lido\",\"global\":true,\"global_message\":\"Este campo debe contener un correo electr\\u00f3nico v\\u00e1lido\"}},\"numeric_field\":{\"required\":{\"value\":true,\"message\":\"Este campo es obligatorio\",\"global\":true,\"global_message\":\"Este campo es obligatorio\"},\"numeric\":{\"value\":true,\"message\":\"Este campo debe contener valor num\\u00e9rico\",\"global\":true,\"global_message\":\"Este campo debe contener valor num\\u00e9rico\"},\"min\":{\"value\":\"\",\"message\":\"La validaci\\u00f3n falla por el valor m\\u00ednimo\",\"global\":true,\"global_message\":\"La validaci\\u00f3n falla por el valor m\\u00ednimo\"},\"max\":{\"value\":\"\",\"message\":\"La validaci\\u00f3n falla por el valor m\\u00e1ximo\",\"global\":true,\"global_message\":\"La validaci\\u00f3n falla por el valor m\\u00e1ximo\"}},\"numeric_field_1\":{\"required\":{\"value\":true,\"message\":\"Este campo es obligatorio\",\"global_message\":\"Este campo es obligatorio\",\"global\":true},\"numeric\":{\"value\":true,\"message\":\"Este campo debe contener valor num\\u00e9rico\",\"global_message\":\"Este campo debe contener valor num\\u00e9rico\",\"global\":true},\"min\":{\"value\":\"\",\"message\":\"La validaci\\u00f3n falla por el valor m\\u00ednimo\",\"global_message\":\"La validaci\\u00f3n falla por el valor m\\u00ednimo\",\"global\":true},\"max\":{\"value\":\"\",\"message\":\"La validaci\\u00f3n falla por el valor m\\u00e1ximo\",\"global_message\":\"La validaci\\u00f3n falla por el valor m\\u00e1ximo\",\"global\":true},\"digits\":{\"value\":\"\",\"message\":\"La validaci\\u00f3n falla por d\\u00edgitos limitados\",\"global_message\":\"La validaci\\u00f3n falla por d\\u00edgitos limitados\",\"global\":true}},\"description\":{\"required\":{\"value\":false,\"message\":\"Este campo es obligatorio\",\"global\":true,\"global_message\":\"Este campo es obligatorio\"}},\"input_radio\":{\"required\":{\"value\":true,\"message\":\"Este campo es obligatorio\",\"global\":true,\"global_message\":\"Este campo es obligatorio\"}},\"input_radio_1\":{\"required\":{\"value\":true,\"message\":\"Este campo es obligatorio\",\"global\":true,\"global_message\":\"Este campo es obligatorio\"}}},\"debounce_time\":300};\n                            <\/script>\n                        <\/div>\n\n            \t\t\t\t<\/div>\n\t\t\t\t<\/div>\n\t\t\t\t\t<\/div>\n\t\t\t\t<\/div>\n\t\t\t\t<\/div>\n\t\t","protected":false},"excerpt":{"rendered":"<p>\u00a1Vive la magia del festival de la Guacherna! Imag\u00ednate disfrutando de 3 d\u00edas llenos de cultura, m\u00fasica y tradici\u00f3n en la fiesta m\u00e1s grande de Colombia. H\u00f3spedate en los mejores hoteles, siente la emoci\u00f3n desde un palco exclusivo en la Guacherna y d\u00e9jate contagiar por la magia del festival. \u00a1Cont\u00e1ctanos y asegura tu cupo! \u00a0 [&hellip;]<\/p>\n","protected":false},"author":1,"featured_media":0,"comment_status":"closed","ping_status":"closed","sticky":false,"template":"","format":"standard","meta":{"om_disable_all_campaigns":false,"site-sidebar-layout":"default","site-content-layout":"","ast-site-content-layout":"default","site-content-style":"default","site-sidebar-style":"default","ast-global-header-display":"","ast-banner-title-visibility":"","ast-main-header-display":"","ast-hfb-above-header-display":"","ast-hfb-below-header-display":"","ast-hfb-mobile-header-display":"","site-post-title":"","ast-breadcrumbs-content":"","ast-featured-img":"","footer-sml-layout":"","theme-transparent-header-meta":"","adv-header-id-meta":"","stick-header-meta":"","header-above-stick-meta":"","header-main-stick-meta":"","header-below-stick-meta":"","astra-migrate-meta-layouts":"set","ast-page-background-enabled":"default","ast-page-background-meta":{"desktop":{"background-color":"var(--ast-global-color-4)","background-image":"","background-repeat":"repeat","background-position":"center center","background-size":"auto","background-attachment":"scroll","background-type":"","background-media":"","overlay-type":"","overlay-color":"","overlay-gradient":""},"tablet":{"background-color":"","background-image":"","background-repeat":"repeat","background-position":"center center","background-size":"auto","background-attachment":"scroll","background-type":"","background-media":"","overlay-type":"","overlay-color":"","overlay-gradient":""},"mobile":{"background-color":"","background-image":"","background-repeat":"repeat","background-position":"center center","background-size":"auto","background-attachment":"scroll","background-type":"","background-media":"","overlay-type":"","overlay-color":"","overlay-gradient":""}},"ast-content-background-meta":{"desktop":{"background-color":"var(--ast-global-color-5)","background-image":"","background-repeat":"repeat","background-position":"center center","background-size":"auto","background-attachment":"scroll","background-type":"","background-media":"","overlay-type":"","overlay-color":"","overlay-gradient":""},"tablet":{"background-color":"var(--ast-global-color-5)","background-image":"","background-repeat":"repeat","background-position":"center center","background-size":"auto","background-attachment":"scroll","background-type":"","background-media":"","overlay-type":"","overlay-color":"","overlay-gradient":""},"mobile":{"background-color":"var(--ast-global-color-5)","background-image":"","background-repeat":"repeat","background-position":"center center","background-size":"auto","background-attachment":"scroll","background-type":"","background-media":"","overlay-type":"","overlay-color":"","overlay-gradient":""}},"footnotes":""},"categories":[21],"tags":[],"class_list":["post-8405","post","type-post","status-publish","format-standard","hentry","category-eventos-culturales"],"yoast_head":"<!-- This site is optimized with the Yoast SEO plugin v27.5 - https:\/\/yoast.com\/product\/yoast-seo-wordpress\/ -->\n<title>Festival de la Guarcherna - Ossa y Asociados<\/title>\n<meta name=\"robots\" content=\"index, follow, max-snippet:-1, max-image-preview:large, max-video-preview:-1\" \/>\n<link rel=\"canonical\" href=\"https:\/\/ossayasociados.com.co\/web\/festival-de-la-guarcherna\/\" \/>\n<meta property=\"og:locale\" content=\"es_ES\" \/>\n<meta property=\"og:type\" content=\"article\" \/>\n<meta property=\"og:title\" content=\"Festival de la Guarcherna - Ossa y Asociados\" \/>\n<meta property=\"og:description\" content=\"\u00a1Vive la magia del festival de la Guacherna! Imag\u00ednate disfrutando de 3 d\u00edas llenos de cultura, m\u00fasica y tradici\u00f3n en la fiesta m\u00e1s grande de Colombia. H\u00f3spedate en los mejores hoteles, siente la emoci\u00f3n desde un palco exclusivo en la Guacherna y d\u00e9jate contagiar por la magia del festival. \u00a1Cont\u00e1ctanos y asegura tu cupo! \u00a0 [&hellip;]\" \/>\n<meta property=\"og:url\" content=\"https:\/\/ossayasociados.com.co\/web\/festival-de-la-guarcherna\/\" \/>\n<meta property=\"og:site_name\" content=\"Ossa y Asociados\" \/>\n<meta property=\"article:publisher\" content=\"https:\/\/www.facebook.com\/OSSAyAsociadosViajes\" \/>\n<meta property=\"article:published_time\" content=\"2024-12-19T17:43:31+00:00\" \/>\n<meta property=\"article:modified_time\" content=\"2025-02-12T21:42:26+00:00\" \/>\n<meta property=\"og:image\" content=\"https:\/\/ossayasociados.com.co\/web\/wp-content\/uploads\/2024\/12\/FESTIVAL-DE-LA-GUACHERNA.png\" \/>\n\t<meta property=\"og:image:width\" content=\"400\" \/>\n\t<meta property=\"og:image:height\" content=\"600\" \/>\n\t<meta property=\"og:image:type\" content=\"image\/png\" \/>\n<meta name=\"author\" content=\"adminsite\" \/>\n<meta name=\"twitter:card\" content=\"summary_large_image\" \/>\n<meta name=\"twitter:label1\" content=\"Escrito por\" \/>\n\t<meta name=\"twitter:data1\" content=\"adminsite\" \/>\n\t<meta name=\"twitter:label2\" content=\"Tiempo de lectura\" \/>\n\t<meta name=\"twitter:data2\" content=\"1 minuto\" \/>\n<script type=\"application\/ld+json\" class=\"yoast-schema-graph\">{\"@context\":\"https:\\\/\\\/schema.org\",\"@graph\":[{\"@type\":\"Article\",\"@id\":\"https:\\\/\\\/ossayasociados.com.co\\\/web\\\/festival-de-la-guarcherna\\\/#article\",\"isPartOf\":{\"@id\":\"https:\\\/\\\/ossayasociados.com.co\\\/web\\\/festival-de-la-guarcherna\\\/\"},\"author\":{\"name\":\"adminsite\",\"@id\":\"https:\\\/\\\/ossayasociados.com.co\\\/web\\\/#\\\/schema\\\/person\\\/226052cba0f64afde5c87a3b722feb4c\"},\"headline\":\"Festival de la Guarcherna\",\"datePublished\":\"2024-12-19T17:43:31+00:00\",\"dateModified\":\"2025-02-12T21:42:26+00:00\",\"mainEntityOfPage\":{\"@id\":\"https:\\\/\\\/ossayasociados.com.co\\\/web\\\/festival-de-la-guarcherna\\\/\"},\"wordCount\":198,\"publisher\":{\"@id\":\"https:\\\/\\\/ossayasociados.com.co\\\/web\\\/#organization\"},\"image\":{\"@id\":\"https:\\\/\\\/ossayasociados.com.co\\\/web\\\/festival-de-la-guarcherna\\\/#primaryimage\"},\"thumbnailUrl\":\"https:\\\/\\\/ossayasociados.com.co\\\/web\\\/wp-content\\\/uploads\\\/2024\\\/12\\\/FESTIVAL-DE-LA-GUACHERNA.png\",\"articleSection\":[\"Eventos Culturales\"],\"inLanguage\":\"es\"},{\"@type\":\"WebPage\",\"@id\":\"https:\\\/\\\/ossayasociados.com.co\\\/web\\\/festival-de-la-guarcherna\\\/\",\"url\":\"https:\\\/\\\/ossayasociados.com.co\\\/web\\\/festival-de-la-guarcherna\\\/\",\"name\":\"Festival de la Guarcherna - Ossa y Asociados\",\"isPartOf\":{\"@id\":\"https:\\\/\\\/ossayasociados.com.co\\\/web\\\/#website\"},\"primaryImageOfPage\":{\"@id\":\"https:\\\/\\\/ossayasociados.com.co\\\/web\\\/festival-de-la-guarcherna\\\/#primaryimage\"},\"image\":{\"@id\":\"https:\\\/\\\/ossayasociados.com.co\\\/web\\\/festival-de-la-guarcherna\\\/#primaryimage\"},\"thumbnailUrl\":\"https:\\\/\\\/ossayasociados.com.co\\\/web\\\/wp-content\\\/uploads\\\/2024\\\/12\\\/FESTIVAL-DE-LA-GUACHERNA.png\",\"datePublished\":\"2024-12-19T17:43:31+00:00\",\"dateModified\":\"2025-02-12T21:42:26+00:00\",\"breadcrumb\":{\"@id\":\"https:\\\/\\\/ossayasociados.com.co\\\/web\\\/festival-de-la-guarcherna\\\/#breadcrumb\"},\"inLanguage\":\"es\",\"potentialAction\":[{\"@type\":\"ReadAction\",\"target\":[\"https:\\\/\\\/ossayasociados.com.co\\\/web\\\/festival-de-la-guarcherna\\\/\"]}]},{\"@type\":\"ImageObject\",\"inLanguage\":\"es\",\"@id\":\"https:\\\/\\\/ossayasociados.com.co\\\/web\\\/festival-de-la-guarcherna\\\/#primaryimage\",\"url\":\"https:\\\/\\\/ossayasociados.com.co\\\/web\\\/wp-content\\\/uploads\\\/2024\\\/12\\\/FESTIVAL-DE-LA-GUACHERNA.png\",\"contentUrl\":\"https:\\\/\\\/ossayasociados.com.co\\\/web\\\/wp-content\\\/uploads\\\/2024\\\/12\\\/FESTIVAL-DE-LA-GUACHERNA.png\",\"width\":400,\"height\":600},{\"@type\":\"BreadcrumbList\",\"@id\":\"https:\\\/\\\/ossayasociados.com.co\\\/web\\\/festival-de-la-guarcherna\\\/#breadcrumb\",\"itemListElement\":[{\"@type\":\"ListItem\",\"position\":1,\"name\":\"Portada\",\"item\":\"https:\\\/\\\/ossayasociados.com.co\\\/web\\\/\"},{\"@type\":\"ListItem\",\"position\":2,\"name\":\"Festival de la Guarcherna\"}]},{\"@type\":\"WebSite\",\"@id\":\"https:\\\/\\\/ossayasociados.com.co\\\/web\\\/#website\",\"url\":\"https:\\\/\\\/ossayasociados.com.co\\\/web\\\/\",\"name\":\"Ossa y Asociados\",\"description\":\"\",\"publisher\":{\"@id\":\"https:\\\/\\\/ossayasociados.com.co\\\/web\\\/#organization\"},\"potentialAction\":[{\"@type\":\"SearchAction\",\"target\":{\"@type\":\"EntryPoint\",\"urlTemplate\":\"https:\\\/\\\/ossayasociados.com.co\\\/web\\\/?s={search_term_string}\"},\"query-input\":{\"@type\":\"PropertyValueSpecification\",\"valueRequired\":true,\"valueName\":\"search_term_string\"}}],\"inLanguage\":\"es\"},{\"@type\":\"Organization\",\"@id\":\"https:\\\/\\\/ossayasociados.com.co\\\/web\\\/#organization\",\"name\":\"Ossa y Asociados\",\"url\":\"https:\\\/\\\/ossayasociados.com.co\\\/web\\\/\",\"logo\":{\"@type\":\"ImageObject\",\"inLanguage\":\"es\",\"@id\":\"https:\\\/\\\/ossayasociados.com.co\\\/web\\\/#\\\/schema\\\/logo\\\/image\\\/\",\"url\":\"https:\\\/\\\/ossayasociados.com.co\\\/web\\\/wp-content\\\/uploads\\\/2025\\\/07\\\/LOGO-CON-LA-O-8.png\",\"contentUrl\":\"https:\\\/\\\/ossayasociados.com.co\\\/web\\\/wp-content\\\/uploads\\\/2025\\\/07\\\/LOGO-CON-LA-O-8.png\",\"width\":1080,\"height\":1920,\"caption\":\"Ossa y Asociados\"},\"image\":{\"@id\":\"https:\\\/\\\/ossayasociados.com.co\\\/web\\\/#\\\/schema\\\/logo\\\/image\\\/\"},\"sameAs\":[\"https:\\\/\\\/www.facebook.com\\\/OSSAyAsociadosViajes\",\"https:\\\/\\\/www.instagram.com\\\/ossayasociados?igsh=ZmpweHA4dG9za2Rm\"]},{\"@type\":\"Person\",\"@id\":\"https:\\\/\\\/ossayasociados.com.co\\\/web\\\/#\\\/schema\\\/person\\\/226052cba0f64afde5c87a3b722feb4c\",\"name\":\"adminsite\",\"image\":{\"@type\":\"ImageObject\",\"inLanguage\":\"es\",\"@id\":\"https:\\\/\\\/secure.gravatar.com\\\/avatar\\\/a677e967b8a676489042fa87c67fb98b6e48d97bd8241ae25e63191006e04960?s=96&d=mm&r=g\",\"url\":\"https:\\\/\\\/secure.gravatar.com\\\/avatar\\\/a677e967b8a676489042fa87c67fb98b6e48d97bd8241ae25e63191006e04960?s=96&d=mm&r=g\",\"contentUrl\":\"https:\\\/\\\/secure.gravatar.com\\\/avatar\\\/a677e967b8a676489042fa87c67fb98b6e48d97bd8241ae25e63191006e04960?s=96&d=mm&r=g\",\"caption\":\"adminsite\"},\"sameAs\":[\"https:\\\/\\\/ossayasociados.com.co\\\/web\"],\"url\":\"https:\\\/\\\/ossayasociados.com.co\\\/web\\\/author\\\/adminsite\\\/\"}]}<\/script>\n<!-- \/ Yoast SEO plugin. -->","yoast_head_json":{"title":"Festival de la Guarcherna - Ossa y Asociados","robots":{"index":"index","follow":"follow","max-snippet":"max-snippet:-1","max-image-preview":"max-image-preview:large","max-video-preview":"max-video-preview:-1"},"canonical":"https:\/\/ossayasociados.com.co\/web\/festival-de-la-guarcherna\/","og_locale":"es_ES","og_type":"article","og_title":"Festival de la Guarcherna - Ossa y Asociados","og_description":"\u00a1Vive la magia del festival de la Guacherna! Imag\u00ednate disfrutando de 3 d\u00edas llenos de cultura, m\u00fasica y tradici\u00f3n en la fiesta m\u00e1s grande de Colombia. H\u00f3spedate en los mejores hoteles, siente la emoci\u00f3n desde un palco exclusivo en la Guacherna y d\u00e9jate contagiar por la magia del festival. \u00a1Cont\u00e1ctanos y asegura tu cupo! \u00a0 [&hellip;]","og_url":"https:\/\/ossayasociados.com.co\/web\/festival-de-la-guarcherna\/","og_site_name":"Ossa y Asociados","article_publisher":"https:\/\/www.facebook.com\/OSSAyAsociadosViajes","article_published_time":"2024-12-19T17:43:31+00:00","article_modified_time":"2025-02-12T21:42:26+00:00","og_image":[{"width":400,"height":600,"url":"https:\/\/ossayasociados.com.co\/web\/wp-content\/uploads\/2024\/12\/FESTIVAL-DE-LA-GUACHERNA.png","type":"image\/png"}],"author":"adminsite","twitter_card":"summary_large_image","twitter_misc":{"Escrito por":"adminsite","Tiempo de lectura":"1 minuto"},"schema":{"@context":"https:\/\/schema.org","@graph":[{"@type":"Article","@id":"https:\/\/ossayasociados.com.co\/web\/festival-de-la-guarcherna\/#article","isPartOf":{"@id":"https:\/\/ossayasociados.com.co\/web\/festival-de-la-guarcherna\/"},"author":{"name":"adminsite","@id":"https:\/\/ossayasociados.com.co\/web\/#\/schema\/person\/226052cba0f64afde5c87a3b722feb4c"},"headline":"Festival de la Guarcherna","datePublished":"2024-12-19T17:43:31+00:00","dateModified":"2025-02-12T21:42:26+00:00","mainEntityOfPage":{"@id":"https:\/\/ossayasociados.com.co\/web\/festival-de-la-guarcherna\/"},"wordCount":198,"publisher":{"@id":"https:\/\/ossayasociados.com.co\/web\/#organization"},"image":{"@id":"https:\/\/ossayasociados.com.co\/web\/festival-de-la-guarcherna\/#primaryimage"},"thumbnailUrl":"https:\/\/ossayasociados.com.co\/web\/wp-content\/uploads\/2024\/12\/FESTIVAL-DE-LA-GUACHERNA.png","articleSection":["Eventos Culturales"],"inLanguage":"es"},{"@type":"WebPage","@id":"https:\/\/ossayasociados.com.co\/web\/festival-de-la-guarcherna\/","url":"https:\/\/ossayasociados.com.co\/web\/festival-de-la-guarcherna\/","name":"Festival de la Guarcherna - Ossa y Asociados","isPartOf":{"@id":"https:\/\/ossayasociados.com.co\/web\/#website"},"primaryImageOfPage":{"@id":"https:\/\/ossayasociados.com.co\/web\/festival-de-la-guarcherna\/#primaryimage"},"image":{"@id":"https:\/\/ossayasociados.com.co\/web\/festival-de-la-guarcherna\/#primaryimage"},"thumbnailUrl":"https:\/\/ossayasociados.com.co\/web\/wp-content\/uploads\/2024\/12\/FESTIVAL-DE-LA-GUACHERNA.png","datePublished":"2024-12-19T17:43:31+00:00","dateModified":"2025-02-12T21:42:26+00:00","breadcrumb":{"@id":"https:\/\/ossayasociados.com.co\/web\/festival-de-la-guarcherna\/#breadcrumb"},"inLanguage":"es","potentialAction":[{"@type":"ReadAction","target":["https:\/\/ossayasociados.com.co\/web\/festival-de-la-guarcherna\/"]}]},{"@type":"ImageObject","inLanguage":"es","@id":"https:\/\/ossayasociados.com.co\/web\/festival-de-la-guarcherna\/#primaryimage","url":"https:\/\/ossayasociados.com.co\/web\/wp-content\/uploads\/2024\/12\/FESTIVAL-DE-LA-GUACHERNA.png","contentUrl":"https:\/\/ossayasociados.com.co\/web\/wp-content\/uploads\/2024\/12\/FESTIVAL-DE-LA-GUACHERNA.png","width":400,"height":600},{"@type":"BreadcrumbList","@id":"https:\/\/ossayasociados.com.co\/web\/festival-de-la-guarcherna\/#breadcrumb","itemListElement":[{"@type":"ListItem","position":1,"name":"Portada","item":"https:\/\/ossayasociados.com.co\/web\/"},{"@type":"ListItem","position":2,"name":"Festival de la Guarcherna"}]},{"@type":"WebSite","@id":"https:\/\/ossayasociados.com.co\/web\/#website","url":"https:\/\/ossayasociados.com.co\/web\/","name":"Ossa y Asociados","description":"","publisher":{"@id":"https:\/\/ossayasociados.com.co\/web\/#organization"},"potentialAction":[{"@type":"SearchAction","target":{"@type":"EntryPoint","urlTemplate":"https:\/\/ossayasociados.com.co\/web\/?s={search_term_string}"},"query-input":{"@type":"PropertyValueSpecification","valueRequired":true,"valueName":"search_term_string"}}],"inLanguage":"es"},{"@type":"Organization","@id":"https:\/\/ossayasociados.com.co\/web\/#organization","name":"Ossa y Asociados","url":"https:\/\/ossayasociados.com.co\/web\/","logo":{"@type":"ImageObject","inLanguage":"es","@id":"https:\/\/ossayasociados.com.co\/web\/#\/schema\/logo\/image\/","url":"https:\/\/ossayasociados.com.co\/web\/wp-content\/uploads\/2025\/07\/LOGO-CON-LA-O-8.png","contentUrl":"https:\/\/ossayasociados.com.co\/web\/wp-content\/uploads\/2025\/07\/LOGO-CON-LA-O-8.png","width":1080,"height":1920,"caption":"Ossa y Asociados"},"image":{"@id":"https:\/\/ossayasociados.com.co\/web\/#\/schema\/logo\/image\/"},"sameAs":["https:\/\/www.facebook.com\/OSSAyAsociadosViajes","https:\/\/www.instagram.com\/ossayasociados?igsh=ZmpweHA4dG9za2Rm"]},{"@type":"Person","@id":"https:\/\/ossayasociados.com.co\/web\/#\/schema\/person\/226052cba0f64afde5c87a3b722feb4c","name":"adminsite","image":{"@type":"ImageObject","inLanguage":"es","@id":"https:\/\/secure.gravatar.com\/avatar\/a677e967b8a676489042fa87c67fb98b6e48d97bd8241ae25e63191006e04960?s=96&d=mm&r=g","url":"https:\/\/secure.gravatar.com\/avatar\/a677e967b8a676489042fa87c67fb98b6e48d97bd8241ae25e63191006e04960?s=96&d=mm&r=g","contentUrl":"https:\/\/secure.gravatar.com\/avatar\/a677e967b8a676489042fa87c67fb98b6e48d97bd8241ae25e63191006e04960?s=96&d=mm&r=g","caption":"adminsite"},"sameAs":["https:\/\/ossayasociados.com.co\/web"],"url":"https:\/\/ossayasociados.com.co\/web\/author\/adminsite\/"}]}},"_links":{"self":[{"href":"https:\/\/ossayasociados.com.co\/web\/wp-json\/wp\/v2\/posts\/8405","targetHints":{"allow":["GET"]}}],"collection":[{"href":"https:\/\/ossayasociados.com.co\/web\/wp-json\/wp\/v2\/posts"}],"about":[{"href":"https:\/\/ossayasociados.com.co\/web\/wp-json\/wp\/v2\/types\/post"}],"author":[{"embeddable":true,"href":"https:\/\/ossayasociados.com.co\/web\/wp-json\/wp\/v2\/users\/1"}],"replies":[{"embeddable":true,"href":"https:\/\/ossayasociados.com.co\/web\/wp-json\/wp\/v2\/comments?post=8405"}],"version-history":[{"count":22,"href":"https:\/\/ossayasociados.com.co\/web\/wp-json\/wp\/v2\/posts\/8405\/revisions"}],"predecessor-version":[{"id":8804,"href":"https:\/\/ossayasociados.com.co\/web\/wp-json\/wp\/v2\/posts\/8405\/revisions\/8804"}],"wp:attachment":[{"href":"https:\/\/ossayasociados.com.co\/web\/wp-json\/wp\/v2\/media?parent=8405"}],"wp:term":[{"taxonomy":"category","embeddable":true,"href":"https:\/\/ossayasociados.com.co\/web\/wp-json\/wp\/v2\/categories?post=8405"},{"taxonomy":"post_tag","embeddable":true,"href":"https:\/\/ossayasociados.com.co\/web\/wp-json\/wp\/v2\/tags?post=8405"}],"curies":[{"name":"wp","href":"https:\/\/api.w.org\/{rel}","templated":true}]}}